{"id":1464,"date":"2019-03-27T07:54:02","date_gmt":"2019-03-27T06:54:02","guid":{"rendered":"http:\/\/osplukowiec.pl\/?p=1464"},"modified":"2019-03-27T07:54:02","modified_gmt":"2019-03-27T06:54:02","slug":"piskorze-to-urzycokiczyli-krotka-relacja-z-wykladudr-lukasza-stanaszka","status":"publish","type":"post","link":"http:\/\/osplukowiec.pl\/index.php\/2019\/03\/27\/piskorze-to-urzycokiczyli-krotka-relacja-z-wykladudr-lukasza-stanaszka\/","title":{"rendered":"Piskorze to Urzycoki,czyli kr\u00f3tka relacja z wyk\u0142adudr.\u0141ukasza Stanaszka"},"content":{"rendered":"<div class=\"textLayer\">\n<div class=\"endOfContent\">\n<p>\u00a0 \u00a0 \u00a0 \u00a0 \u00a0 \u00a0 \u00a0 \u00a0 \u00a0 \u00a0W niedziel\u0119 24 marca 2019 roku go\u015bcili\u015bmy w \u0141uk\u00f3wcu znanego etnografa dr. \u0141ukasza Stanaszka, kt\u00f3ry wyg\u0142osi\u0142 wyk\u0142ad pt. \u201eUrzecze i pochodzenie lokalnych nazwisk\u201d. W spotkaniu, zorganizowanym przez OSP \u0141uk\u00f3wiec, So\u0142tysa i Rad\u0119 So\u0142eck\u0105, wzi\u0119\u0142o udzia\u0142 oko\u0142o 100 os\u00f3b, zar\u00f3wno mieszka\u0144c\u00f3w naszej wsi, jak r\u00f3wnie\u017c miejscowo\u015bci s\u0105siednich.\u00a0 W spotkaniu udzia\u0142 wzi\u0119li m.in. Pan Piotr \u017belazko &#8211; Przewodnicz\u0105cy Rady Miasta Karczewa oraz Radny Rados\u0142aw Kociszewski.<\/p>\n<p><a href=\"http:\/\/osplukowiec.pl\/wp-content\/uploads\/2019\/03\/urzecze-8637.jpg\"><img decoding=\"async\" loading=\"lazy\" class=\"aligncenter size-full wp-image-1465\" src=\"http:\/\/osplukowiec.pl\/wp-content\/uploads\/2019\/03\/urzecze-8637.jpg\" alt=\"\" width=\"2100\" height=\"1400\" srcset=\"http:\/\/osplukowiec.pl\/wp-content\/uploads\/2019\/03\/urzecze-8637.jpg 2100w, http:\/\/osplukowiec.pl\/wp-content\/uploads\/2019\/03\/urzecze-8637-300x200.jpg 300w, http:\/\/osplukowiec.pl\/wp-content\/uploads\/2019\/03\/urzecze-8637-768x512.jpg 768w, http:\/\/osplukowiec.pl\/wp-content\/uploads\/2019\/03\/urzecze-8637-1024x683.jpg 1024w, http:\/\/osplukowiec.pl\/wp-content\/uploads\/2019\/03\/urzecze-8637-390x260.jpg 390w, http:\/\/osplukowiec.pl\/wp-content\/uploads\/2019\/03\/urzecze-8637-520x347.jpg 520w, http:\/\/osplukowiec.pl\/wp-content\/uploads\/2019\/03\/urzecze-8637-740x493.jpg 740w\" sizes=\"(max-width: 2100px) 100vw, 2100px\" \/><\/a><\/p>\n<p>Dr Stanaszek, kt\u00f3rego rodzinne zwi\u0105zki z naszymi okolicami s\u0105 bardzo silne i \u201ewielopokoleniowe\u201d, przedstawi\u0142 wyniki swoich wieloletnich bada\u0144 na temat pochodzenia lokalnej ludno\u015bci. Czy nasi przodkowie maj\u0105 pochodzenia s\u0142owia\u0144skie, germa\u0144skie a mo\u017ce nordyckie? Szukaj\u0105cych odpowiedzi zach\u0119camy do lektury (<u>tu mo\u017cna pobra\u0107 tre\u015b\u0107 wyk\u0142adu w \u00a0pdf<\/u>).<\/p>\n<p>Bezpo\u015brednio po wyk\u0142adzie Zesp\u00f3\u0142 Folklorystyczny Piskorze, prowadzony przez nasz\u0105Piskorzank\u0119 Magdalen\u0119 Przybysz, wykona\u0142 pi\u0119\u0107 utwor\u00f3w: \u201eJezioro, jezioro\u201d, \u201eOdejd\u017a Jasiu od okienka\u201d, \u201eHej Ty Wis\u0142o\u201d, \u201eW moim og\u00f3decku\u201d oraz \u201eLipka\u201d. By\u0142 to pierwszy, publiczny, wyst\u0119p Zespo\u0142u w wyremontowanej i wyposa\u017conej \u015bwietlicy wiejskiej.<\/p>\n<p>Po uczcie muzycznej na uczestnik\u00f3w czeka\u0142a uczta biesiadna &#8211; pyszne dania z dawnego Urzecza tj. barszcz czerwony z chrzanem, bia\u0142\u0105 kie\u0142bask\u0105 i jajkiem oraz tradycyjn\u0105 sytoch\u0119 przygotowa\u0142a Pani Gra\u017cyna Le\u015bniak. O cudowno\u015bci tych da\u0144 \u015bwiadczy\u0142y d\u0142ugie kolejki oczekuj\u0105cych na obs\u0142u\u017cenie oraz wracaj\u0105cych po dok\u0142adk\u0119 J.<\/p>\n<p><a href=\"http:\/\/osplukowiec.pl\/wp-content\/uploads\/2019\/03\/urzecze-8686.jpg\"><img decoding=\"async\" loading=\"lazy\" class=\"aligncenter size-full wp-image-1467\" src=\"http:\/\/osplukowiec.pl\/wp-content\/uploads\/2019\/03\/urzecze-8686.jpg\" alt=\"\" width=\"2100\" height=\"1400\" srcset=\"http:\/\/osplukowiec.pl\/wp-content\/uploads\/2019\/03\/urzecze-8686.jpg 2100w, http:\/\/osplukowiec.pl\/wp-content\/uploads\/2019\/03\/urzecze-8686-300x200.jpg 300w, http:\/\/osplukowiec.pl\/wp-content\/uploads\/2019\/03\/urzecze-8686-768x512.jpg 768w, http:\/\/osplukowiec.pl\/wp-content\/uploads\/2019\/03\/urzecze-8686-1024x683.jpg 1024w, http:\/\/osplukowiec.pl\/wp-content\/uploads\/2019\/03\/urzecze-8686-390x260.jpg 390w, http:\/\/osplukowiec.pl\/wp-content\/uploads\/2019\/03\/urzecze-8686-520x347.jpg 520w, http:\/\/osplukowiec.pl\/wp-content\/uploads\/2019\/03\/urzecze-8686-740x493.jpg 740w\" sizes=\"(max-width: 2100px) 100vw, 2100px\" \/><\/a><\/p>\n<p>Spotkanie odby\u0142o si\u0119 dzi\u0119ki wsparciu finansowemu przekazanemu przez zaprzyja\u017anionych z \u0141uk\u00f3wcem mieszka\u0144c\u00f3w Janowa tj: Radnemu Rados\u0142awowi Kociszewskiemu, Ludwikowi Ksi\u0105\u017ckowi, Teresie Milczarskiej (z domu Nizio\u0142ek), Zofii Ja\u0142oszy\u0144skiej (z domu Przybysz), Miros\u0142awie Jobda (z domu Wawer).<\/p>\n<p>Bardzo dzi\u0119kujemy za tak liczn\u0105 obecno\u015b\u0107 i zapraszamy na kolejne wydarzenia.<\/p>\n<p>&nbsp;<\/p>\n<p>Pe\u0142na fotorelacja ze spotkania, autorstwa Piskorza Marka Kami\u0144skiego, dost\u0119pna pod linkiem<\/p>\n<p><a href=\"https:\/\/drive.google.com\/open?id=1M_-q1OvqFDctsS47cUNEQPaGxyawNBMT\">https:\/\/drive.google.com\/open?id=1M_-q1OvqFDctsS47cUNEQPaGxyawNBMT<\/a><\/p>\n<p>&nbsp;<\/p>\n<\/div>\n<\/div>\n<div class=\"annotationLayer\"><\/div>\n","protected":false},"excerpt":{"rendered":"<p>\u00a0 \u00a0 \u00a0 \u00a0 \u00a0 \u00a0 \u00a0 \u00a0 \u00a0 \u00a0W niedziel\u0119 24 marca 2019 roku go\u015bcili\u015bmy w \u0141uk\u00f3wcu znanego etnografa dr. \u0141ukasza Stanaszka, kt\u00f3ry wyg\u0142osi\u0142 wyk\u0142ad pt. \u201eUrzecze i pochodzenie lokalnych nazwisk\u201d. W spotkaniu, zorganizowanym<a class=\"read-more\" href=\"http:\/\/osplukowiec.pl\/index.php\/2019\/03\/27\/piskorze-to-urzycokiczyli-krotka-relacja-z-wykladudr-lukasza-stanaszka\/\">Czytaj dalej<\/a><\/p>\n","protected":false},"author":4,"featured_media":1466,"comment_status":"closed","ping_status":"open","sticky":false,"template":"","format":"standard","meta":{"_mi_skip_tracking":false},"categories":[7],"tags":[],"_links":{"self":[{"href":"http:\/\/osplukowiec.pl\/index.php\/wp-json\/wp\/v2\/posts\/1464"}],"collection":[{"href":"http:\/\/osplukowiec.pl\/index.php\/wp-json\/wp\/v2\/posts"}],"about":[{"href":"http:\/\/osplukowiec.pl\/index.php\/wp-json\/wp\/v2\/types\/post"}],"author":[{"embeddable":true,"href":"http:\/\/osplukowiec.pl\/index.php\/wp-json\/wp\/v2\/users\/4"}],"replies":[{"embeddable":true,"href":"http:\/\/osplukowiec.pl\/index.php\/wp-json\/wp\/v2\/comments?post=1464"}],"version-history":[{"count":2,"href":"http:\/\/osplukowiec.pl\/index.php\/wp-json\/wp\/v2\/posts\/1464\/revisions"}],"predecessor-version":[{"id":1471,"href":"http:\/\/osplukowiec.pl\/index.php\/wp-json\/wp\/v2\/posts\/1464\/revisions\/1471"}],"wp:featuredmedia":[{"embeddable":true,"href":"http:\/\/osplukowiec.pl\/index.php\/wp-json\/wp\/v2\/media\/1466"}],"wp:attachment":[{"href":"http:\/\/osplukowiec.pl\/index.php\/wp-json\/wp\/v2\/media?parent=1464"}],"wp:term":[{"taxonomy":"category","embeddable":true,"href":"http:\/\/osplukowiec.pl\/index.php\/wp-json\/wp\/v2\/categories?post=1464"},{"taxonomy":"post_tag","embeddable":true,"href":"http:\/\/osplukowiec.pl\/index.php\/wp-json\/wp\/v2\/tags?post=1464"}],"curies":[{"name":"wp","href":"https:\/\/api.w.org\/{rel}","templated":true}]}}