{"id":1558,"date":"2019-04-05T08:35:20","date_gmt":"2019-04-05T06:35:20","guid":{"rendered":"http:\/\/osplukowiec.pl\/?p=1558"},"modified":"2019-04-05T08:35:20","modified_gmt":"2019-04-05T06:35:20","slug":"wyjazd-66-2019-pozar-trawy-ostrowiec","status":"publish","type":"post","link":"http:\/\/osplukowiec.pl\/index.php\/2019\/04\/05\/wyjazd-66-2019-pozar-trawy-ostrowiec\/","title":{"rendered":"WYJAZD 66\/2019 Po\u017car trawy Ostr\u00f3wiec"},"content":{"rendered":"<p>&nbsp;<\/p>\n<p>W dniu 04.04.2019 o godzinie 20:06 nasza jednostka zosta\u0142a zadysponowana do po\u017caru trawy w miejscowo\u015bci Ostr\u00f3wiec. W akcji bra\u0142y udzia\u0142 jednostki:<\/p>\n<p>OSP \u0141UK\u00d3WIEC\u00a0<span class=\"text_exposed_show\"><br \/>\nOSP DZIECIN\u00d3W<br \/>\nOSP OTWOCK WIELKI<br \/>\nWSP CELESTYN\u00d3W<a href=\"http:\/\/osplukowiec.pl\/wp-content\/uploads\/2019\/04\/ostri.jpg\"><img decoding=\"async\" loading=\"lazy\" class=\"aligncenter size-full wp-image-1560\" src=\"http:\/\/osplukowiec.pl\/wp-content\/uploads\/2019\/04\/ostri.jpg\" alt=\"\" width=\"960\" height=\"540\" srcset=\"http:\/\/osplukowiec.pl\/wp-content\/uploads\/2019\/04\/ostri.jpg 960w, http:\/\/osplukowiec.pl\/wp-content\/uploads\/2019\/04\/ostri-300x169.jpg 300w, http:\/\/osplukowiec.pl\/wp-content\/uploads\/2019\/04\/ostri-768x432.jpg 768w, http:\/\/osplukowiec.pl\/wp-content\/uploads\/2019\/04\/ostri-520x293.jpg 520w, http:\/\/osplukowiec.pl\/wp-content\/uploads\/2019\/04\/ostri-740x416.jpg 740w\" sizes=\"(max-width: 960px) 100vw, 960px\" \/><\/a> <a href=\"http:\/\/osplukowiec.pl\/wp-content\/uploads\/2019\/04\/ostrie.jpg\"><img decoding=\"async\" loading=\"lazy\" class=\"aligncenter size-full wp-image-1561\" src=\"http:\/\/osplukowiec.pl\/wp-content\/uploads\/2019\/04\/ostrie.jpg\" alt=\"\" width=\"960\" height=\"540\" srcset=\"http:\/\/osplukowiec.pl\/wp-content\/uploads\/2019\/04\/ostrie.jpg 960w, http:\/\/osplukowiec.pl\/wp-content\/uploads\/2019\/04\/ostrie-300x169.jpg 300w, http:\/\/osplukowiec.pl\/wp-content\/uploads\/2019\/04\/ostrie-768x432.jpg 768w, http:\/\/osplukowiec.pl\/wp-content\/uploads\/2019\/04\/ostrie-520x293.jpg 520w, http:\/\/osplukowiec.pl\/wp-content\/uploads\/2019\/04\/ostrie-740x416.jpg 740w\" sizes=\"(max-width: 960px) 100vw, 960px\" \/><\/a><\/span><\/p>\n","protected":false},"excerpt":{"rendered":"<p>&nbsp; W dniu 04.04.2019 o godzinie 20:06 nasza jednostka zosta\u0142a zadysponowana do po\u017caru trawy w miejscowo\u015bci Ostr\u00f3wiec. W akcji bra\u0142y udzia\u0142 jednostki: OSP \u0141UK\u00d3WIEC\u00a0 OSP DZIECIN\u00d3W OSP OTWOCK WIELKI WSP CELESTYN\u00d3W<\/p>\n","protected":false},"author":4,"featured_media":1559,"comment_status":"closed","ping_status":"open","sticky":false,"template":"","format":"standard","meta":{"_mi_skip_tracking":false},"categories":[5],"tags":[],"_links":{"self":[{"href":"http:\/\/osplukowiec.pl\/index.php\/wp-json\/wp\/v2\/posts\/1558"}],"collection":[{"href":"http:\/\/osplukowiec.pl\/index.php\/wp-json\/wp\/v2\/posts"}],"about":[{"href":"http:\/\/osplukowiec.pl\/index.php\/wp-json\/wp\/v2\/types\/post"}],"author":[{"embeddable":true,"href":"http:\/\/osplukowiec.pl\/index.php\/wp-json\/wp\/v2\/users\/4"}],"replies":[{"embeddable":true,"href":"http:\/\/osplukowiec.pl\/index.php\/wp-json\/wp\/v2\/comments?post=1558"}],"version-history":[{"count":1,"href":"http:\/\/osplukowiec.pl\/index.php\/wp-json\/wp\/v2\/posts\/1558\/revisions"}],"predecessor-version":[{"id":1562,"href":"http:\/\/osplukowiec.pl\/index.php\/wp-json\/wp\/v2\/posts\/1558\/revisions\/1562"}],"wp:featuredmedia":[{"embeddable":true,"href":"http:\/\/osplukowiec.pl\/index.php\/wp-json\/wp\/v2\/media\/1559"}],"wp:attachment":[{"href":"http:\/\/osplukowiec.pl\/index.php\/wp-json\/wp\/v2\/media?parent=1558"}],"wp:term":[{"taxonomy":"category","embeddable":true,"href":"http:\/\/osplukowiec.pl\/index.php\/wp-json\/wp\/v2\/categories?post=1558"},{"taxonomy":"post_tag","embeddable":true,"href":"http:\/\/osplukowiec.pl\/index.php\/wp-json\/wp\/v2\/tags?post=1558"}],"curies":[{"name":"wp","href":"https:\/\/api.w.org\/{rel}","templated":true}]}}