{"id":1738,"date":"2019-04-24T07:18:11","date_gmt":"2019-04-24T05:18:11","guid":{"rendered":"http:\/\/osplukowiec.pl\/?p=1738"},"modified":"2019-04-24T07:18:11","modified_gmt":"2019-04-24T05:18:11","slug":"wyjazd-87-2019-powalone-drzewo-otwock-wielki-ul-zamkowa","status":"publish","type":"post","link":"http:\/\/osplukowiec.pl\/index.php\/2019\/04\/24\/wyjazd-87-2019-powalone-drzewo-otwock-wielki-ul-zamkowa\/","title":{"rendered":"WYJAZD 87\/2019 Powalone drzewo Otwock Wielki ul Zamkowa"},"content":{"rendered":"<div id=\"js_9j\" class=\"_5pbx userContent _3576\" data-ft=\"{&quot;tn&quot;:&quot;K&quot;}\">\n<p>&nbsp;<\/p>\n<p>W dniu 23.04.2019 o godzinie 10:43 nasza jednostka zosta\u0142a zadysponowana do powalonego drzewa w miejscowo\u015bci Otwock Wielki ul Zamkowa . W akcji bra\u0142y udzia\u0142 jednostki:<\/p>\n<p>OSP \u0141UK\u00d3WIEC<\/p>\n<\/div>\n<div class=\"_3x-2\" data-ft=\"{&quot;tn&quot;:&quot;H&quot;}\">\n<div data-ft=\"{&quot;tn&quot;:&quot;H&quot;}\">\n<div class=\"mtm\">\n<div class=\"_2a2q _65sr\"><a href=\"http:\/\/osplukowiec.pl\/wp-content\/uploads\/2019\/04\/58375065_1064555550397497_7912363355996684288_n.jpg\"><img decoding=\"async\" loading=\"lazy\" class=\"aligncenter size-full wp-image-1740\" src=\"http:\/\/osplukowiec.pl\/wp-content\/uploads\/2019\/04\/58375065_1064555550397497_7912363355996684288_n.jpg\" alt=\"\" width=\"536\" height=\"960\" srcset=\"http:\/\/osplukowiec.pl\/wp-content\/uploads\/2019\/04\/58375065_1064555550397497_7912363355996684288_n.jpg 536w, http:\/\/osplukowiec.pl\/wp-content\/uploads\/2019\/04\/58375065_1064555550397497_7912363355996684288_n-168x300.jpg 168w, http:\/\/osplukowiec.pl\/wp-content\/uploads\/2019\/04\/58375065_1064555550397497_7912363355996684288_n-520x931.jpg 520w\" sizes=\"(max-width: 536px) 100vw, 536px\" \/><\/a><\/div>\n<\/div>\n<\/div>\n<\/div>\n","protected":false},"excerpt":{"rendered":"<p>&nbsp; W dniu 23.04.2019 o godzinie 10:43 nasza jednostka zosta\u0142a zadysponowana do powalonego drzewa w miejscowo\u015bci Otwock Wielki ul Zamkowa . W akcji bra\u0142y udzia\u0142 jednostki: OSP \u0141UK\u00d3WIEC<\/p>\n","protected":false},"author":4,"featured_media":1739,"comment_status":"closed","ping_status":"open","sticky":false,"template":"","format":"standard","meta":{"_mi_skip_tracking":false},"categories":[5],"tags":[],"_links":{"self":[{"href":"http:\/\/osplukowiec.pl\/index.php\/wp-json\/wp\/v2\/posts\/1738"}],"collection":[{"href":"http:\/\/osplukowiec.pl\/index.php\/wp-json\/wp\/v2\/posts"}],"about":[{"href":"http:\/\/osplukowiec.pl\/index.php\/wp-json\/wp\/v2\/types\/post"}],"author":[{"embeddable":true,"href":"http:\/\/osplukowiec.pl\/index.php\/wp-json\/wp\/v2\/users\/4"}],"replies":[{"embeddable":true,"href":"http:\/\/osplukowiec.pl\/index.php\/wp-json\/wp\/v2\/comments?post=1738"}],"version-history":[{"count":1,"href":"http:\/\/osplukowiec.pl\/index.php\/wp-json\/wp\/v2\/posts\/1738\/revisions"}],"predecessor-version":[{"id":1741,"href":"http:\/\/osplukowiec.pl\/index.php\/wp-json\/wp\/v2\/posts\/1738\/revisions\/1741"}],"wp:featuredmedia":[{"embeddable":true,"href":"http:\/\/osplukowiec.pl\/index.php\/wp-json\/wp\/v2\/media\/1739"}],"wp:attachment":[{"href":"http:\/\/osplukowiec.pl\/index.php\/wp-json\/wp\/v2\/media?parent=1738"}],"wp:term":[{"taxonomy":"category","embeddable":true,"href":"http:\/\/osplukowiec.pl\/index.php\/wp-json\/wp\/v2\/categories?post=1738"},{"taxonomy":"post_tag","embeddable":true,"href":"http:\/\/osplukowiec.pl\/index.php\/wp-json\/wp\/v2\/tags?post=1738"}],"curies":[{"name":"wp","href":"https:\/\/api.w.org\/{rel}","templated":true}]}}