{"id":2262,"date":"2019-07-04T07:36:35","date_gmt":"2019-07-04T05:36:35","guid":{"rendered":"http:\/\/osplukowiec.pl\/?p=2262"},"modified":"2019-07-04T07:36:35","modified_gmt":"2019-07-04T05:36:35","slug":"wyjazd-113-2019-pozar-balotow-ostrowek","status":"publish","type":"post","link":"http:\/\/osplukowiec.pl\/index.php\/2019\/07\/04\/wyjazd-113-2019-pozar-balotow-ostrowek\/","title":{"rendered":"WYJAZD 113\/2019 Po\u017car balot\u00f3w Ostr\u00f3wek"},"content":{"rendered":"<div id=\"js_3h\" class=\"_5pbx userContent _3576\" data-testid=\"post_message\" data-ft=\"{&quot;tn&quot;:&quot;K&quot;}\">\n<div id=\"id_5d1d91f2e48e20d05857744\" class=\"text_exposed_root text_exposed\">\n<p>&nbsp;<\/p>\n<p>W dniu 04.07.2019 o godzinie 05:09 Nasza jednostka zosta\u0142a zadysponowana do po\u017caru balot\u00f3w siana w miejscowo\u015bci Ostr\u00f3wek. W akcji bra\u0142y udzia\u0142 jednostki:<\/p>\n<p>JRG OTWOCK\u00a0<span class=\"text_exposed_show\"><br \/>\nOSP \u0141UK\u00d3WIEC<br \/>\nOSP DZIECIN\u00d3W<\/span><\/p>\n<p><a href=\"http:\/\/osplukowiec.pl\/wp-content\/uploads\/2019\/07\/zzzzew.jpg\"><img decoding=\"async\" loading=\"lazy\" class=\"aligncenter size-full wp-image-2263\" src=\"http:\/\/osplukowiec.pl\/wp-content\/uploads\/2019\/07\/zzzzew.jpg\" alt=\"\" width=\"960\" height=\"540\" srcset=\"http:\/\/osplukowiec.pl\/wp-content\/uploads\/2019\/07\/zzzzew.jpg 960w, http:\/\/osplukowiec.pl\/wp-content\/uploads\/2019\/07\/zzzzew-300x169.jpg 300w, http:\/\/osplukowiec.pl\/wp-content\/uploads\/2019\/07\/zzzzew-768x432.jpg 768w, http:\/\/osplukowiec.pl\/wp-content\/uploads\/2019\/07\/zzzzew-520x293.jpg 520w, http:\/\/osplukowiec.pl\/wp-content\/uploads\/2019\/07\/zzzzew-740x416.jpg 740w\" sizes=\"(max-width: 960px) 100vw, 960px\" \/><\/a><\/p>\n<p>&nbsp;<\/p>\n<\/div>\n<\/div>\n<div class=\"_3x-2\" data-ft=\"{&quot;tn&quot;:&quot;H&quot;}\">\n<div data-ft=\"{&quot;tn&quot;:&quot;H&quot;}\">\n<div class=\"mtm\">\n<div class=\"_2a2q _65sr\"><\/div>\n<\/div>\n<\/div>\n<\/div>\n","protected":false},"excerpt":{"rendered":"<p>&nbsp; W dniu 04.07.2019 o godzinie 05:09 Nasza jednostka zosta\u0142a zadysponowana do po\u017caru balot\u00f3w siana w miejscowo\u015bci Ostr\u00f3wek. W akcji bra\u0142y udzia\u0142 jednostki: JRG OTWOCK\u00a0 OSP \u0141UK\u00d3WIEC OSP DZIECIN\u00d3W &nbsp;<\/p>\n","protected":false},"author":4,"featured_media":2264,"comment_status":"closed","ping_status":"open","sticky":false,"template":"","format":"standard","meta":{"_mi_skip_tracking":false},"categories":[5],"tags":[],"_links":{"self":[{"href":"http:\/\/osplukowiec.pl\/index.php\/wp-json\/wp\/v2\/posts\/2262"}],"collection":[{"href":"http:\/\/osplukowiec.pl\/index.php\/wp-json\/wp\/v2\/posts"}],"about":[{"href":"http:\/\/osplukowiec.pl\/index.php\/wp-json\/wp\/v2\/types\/post"}],"author":[{"embeddable":true,"href":"http:\/\/osplukowiec.pl\/index.php\/wp-json\/wp\/v2\/users\/4"}],"replies":[{"embeddable":true,"href":"http:\/\/osplukowiec.pl\/index.php\/wp-json\/wp\/v2\/comments?post=2262"}],"version-history":[{"count":1,"href":"http:\/\/osplukowiec.pl\/index.php\/wp-json\/wp\/v2\/posts\/2262\/revisions"}],"predecessor-version":[{"id":2265,"href":"http:\/\/osplukowiec.pl\/index.php\/wp-json\/wp\/v2\/posts\/2262\/revisions\/2265"}],"wp:featuredmedia":[{"embeddable":true,"href":"http:\/\/osplukowiec.pl\/index.php\/wp-json\/wp\/v2\/media\/2264"}],"wp:attachment":[{"href":"http:\/\/osplukowiec.pl\/index.php\/wp-json\/wp\/v2\/media?parent=2262"}],"wp:term":[{"taxonomy":"category","embeddable":true,"href":"http:\/\/osplukowiec.pl\/index.php\/wp-json\/wp\/v2\/categories?post=2262"},{"taxonomy":"post_tag","embeddable":true,"href":"http:\/\/osplukowiec.pl\/index.php\/wp-json\/wp\/v2\/tags?post=2262"}],"curies":[{"name":"wp","href":"https:\/\/api.w.org\/{rel}","templated":true}]}}