{"id":2848,"date":"2019-11-18T06:27:14","date_gmt":"2019-11-18T05:27:14","guid":{"rendered":"http:\/\/osplukowiec.pl\/?p=2848"},"modified":"2019-11-18T06:27:14","modified_gmt":"2019-11-18T05:27:14","slug":"piskorze-na-koncercie-w-dziecinowie","status":"publish","type":"post","link":"http:\/\/osplukowiec.pl\/index.php\/2019\/11\/18\/piskorze-na-koncercie-w-dziecinowie\/","title":{"rendered":"Piskorze na koncercie w Dziecinowie"},"content":{"rendered":"<div id=\"gwpbd9d78e8_gwp78497af8\">\n<div id=\"gwpbd9d78e8_gwp78497af8h\">\n<div class=\"gwpbd9d78e8_gwp78497af8b\" data-message-body=\"true\">\n<div><\/div>\n<div>17 listopada Zesp\u00f3\u0142 Piskorze dzia\u0142aj\u0105cy przy OSP \u0141uk\u00f3wiec wyst\u0105pi\u0142 podczas koncertu laureat\u00f3w IV Konkursu Piosenki Patriotycznej i \u017bo\u0142nierskiej w Dziecinowie. Zesp\u00f3\u0142 wykona\u0142 nast\u0119puj\u0105ce utwory: &#8222;\u0141\u0105czko, \u0141\u0105czko&#8221;, &#8222;Pob\u00f3r na dziewczynki&#8221;, &#8222;Kalina malina&#8221; oraz &#8222;Po partyzancie&#8221;. Dzi\u0119kujemy za bardzo ciep\u0142e przyj\u0119cie wspania\u0142ej publiczno\u015bci a organizatorom &#8211; OSP Dziecin\u00f3w &#8211; gratulujemy kolejnego udanego koncertu.<\/div>\n<\/div>\n<\/div>\n<\/div>\n<div><\/div>\n<div>\u00a0 foto: Daniel Kieszkowski<\/div>\n<div>\u00a0 \u00a0 \u00a0 \u00a0 \u00a0 \u00a0 Piotr Redosz<\/div>\n<div><\/div>\n<div><a href=\"http:\/\/osplukowiec.pl\/wp-content\/uploads\/2019\/11\/1-2.jpg\"><img decoding=\"async\" loading=\"lazy\" class=\"aligncenter size-full wp-image-2850\" src=\"http:\/\/osplukowiec.pl\/wp-content\/uploads\/2019\/11\/1-2.jpg\" alt=\"\" width=\"2016\" height=\"980\" srcset=\"http:\/\/osplukowiec.pl\/wp-content\/uploads\/2019\/11\/1-2.jpg 2016w, http:\/\/osplukowiec.pl\/wp-content\/uploads\/2019\/11\/1-2-300x146.jpg 300w, http:\/\/osplukowiec.pl\/wp-content\/uploads\/2019\/11\/1-2-768x373.jpg 768w, http:\/\/osplukowiec.pl\/wp-content\/uploads\/2019\/11\/1-2-1024x498.jpg 1024w, http:\/\/osplukowiec.pl\/wp-content\/uploads\/2019\/11\/1-2-520x253.jpg 520w, http:\/\/osplukowiec.pl\/wp-content\/uploads\/2019\/11\/1-2-740x360.jpg 740w\" sizes=\"(max-width: 2016px) 100vw, 2016px\" \/><\/a> <a href=\"http:\/\/osplukowiec.pl\/wp-content\/uploads\/2019\/11\/2-2.jpg\"><img decoding=\"async\" loading=\"lazy\" class=\"aligncenter size-full wp-image-2851\" src=\"http:\/\/osplukowiec.pl\/wp-content\/uploads\/2019\/11\/2-2.jpg\" alt=\"\" width=\"2016\" height=\"980\" srcset=\"http:\/\/osplukowiec.pl\/wp-content\/uploads\/2019\/11\/2-2.jpg 2016w, http:\/\/osplukowiec.pl\/wp-content\/uploads\/2019\/11\/2-2-300x146.jpg 300w, http:\/\/osplukowiec.pl\/wp-content\/uploads\/2019\/11\/2-2-768x373.jpg 768w, http:\/\/osplukowiec.pl\/wp-content\/uploads\/2019\/11\/2-2-1024x498.jpg 1024w, http:\/\/osplukowiec.pl\/wp-content\/uploads\/2019\/11\/2-2-520x253.jpg 520w, http:\/\/osplukowiec.pl\/wp-content\/uploads\/2019\/11\/2-2-740x360.jpg 740w\" sizes=\"(max-width: 2016px) 100vw, 2016px\" \/><\/a> <a href=\"http:\/\/osplukowiec.pl\/wp-content\/uploads\/2019\/11\/3-1.jpg\"><img decoding=\"async\" loading=\"lazy\" class=\"aligncenter size-full wp-image-2852\" src=\"http:\/\/osplukowiec.pl\/wp-content\/uploads\/2019\/11\/3-1.jpg\" alt=\"\" width=\"2016\" height=\"980\" srcset=\"http:\/\/osplukowiec.pl\/wp-content\/uploads\/2019\/11\/3-1.jpg 2016w, http:\/\/osplukowiec.pl\/wp-content\/uploads\/2019\/11\/3-1-300x146.jpg 300w, http:\/\/osplukowiec.pl\/wp-content\/uploads\/2019\/11\/3-1-768x373.jpg 768w, http:\/\/osplukowiec.pl\/wp-content\/uploads\/2019\/11\/3-1-1024x498.jpg 1024w, http:\/\/osplukowiec.pl\/wp-content\/uploads\/2019\/11\/3-1-520x253.jpg 520w, http:\/\/osplukowiec.pl\/wp-content\/uploads\/2019\/11\/3-1-740x360.jpg 740w\" sizes=\"(max-width: 2016px) 100vw, 2016px\" \/><\/a><\/div>\n","protected":false},"excerpt":{"rendered":"<p>17 listopada Zesp\u00f3\u0142 Piskorze dzia\u0142aj\u0105cy przy OSP \u0141uk\u00f3wiec wyst\u0105pi\u0142 podczas koncertu laureat\u00f3w IV Konkursu Piosenki Patriotycznej i \u017bo\u0142nierskiej w Dziecinowie. Zesp\u00f3\u0142 wykona\u0142 nast\u0119puj\u0105ce utwory: &#8222;\u0141\u0105czko, \u0141\u0105czko&#8221;, &#8222;Pob\u00f3r na dziewczynki&#8221;, &#8222;Kalina malina&#8221; oraz &#8222;Po partyzancie&#8221;. Dzi\u0119kujemy<a class=\"read-more\" href=\"http:\/\/osplukowiec.pl\/index.php\/2019\/11\/18\/piskorze-na-koncercie-w-dziecinowie\/\">Czytaj dalej<\/a><\/p>\n","protected":false},"author":4,"featured_media":2849,"comment_status":"closed","ping_status":"open","sticky":false,"template":"","format":"standard","meta":{"_mi_skip_tracking":false},"categories":[7],"tags":[],"_links":{"self":[{"href":"http:\/\/osplukowiec.pl\/index.php\/wp-json\/wp\/v2\/posts\/2848"}],"collection":[{"href":"http:\/\/osplukowiec.pl\/index.php\/wp-json\/wp\/v2\/posts"}],"about":[{"href":"http:\/\/osplukowiec.pl\/index.php\/wp-json\/wp\/v2\/types\/post"}],"author":[{"embeddable":true,"href":"http:\/\/osplukowiec.pl\/index.php\/wp-json\/wp\/v2\/users\/4"}],"replies":[{"embeddable":true,"href":"http:\/\/osplukowiec.pl\/index.php\/wp-json\/wp\/v2\/comments?post=2848"}],"version-history":[{"count":1,"href":"http:\/\/osplukowiec.pl\/index.php\/wp-json\/wp\/v2\/posts\/2848\/revisions"}],"predecessor-version":[{"id":2853,"href":"http:\/\/osplukowiec.pl\/index.php\/wp-json\/wp\/v2\/posts\/2848\/revisions\/2853"}],"wp:featuredmedia":[{"embeddable":true,"href":"http:\/\/osplukowiec.pl\/index.php\/wp-json\/wp\/v2\/media\/2849"}],"wp:attachment":[{"href":"http:\/\/osplukowiec.pl\/index.php\/wp-json\/wp\/v2\/media?parent=2848"}],"wp:term":[{"taxonomy":"category","embeddable":true,"href":"http:\/\/osplukowiec.pl\/index.php\/wp-json\/wp\/v2\/categories?post=2848"},{"taxonomy":"post_tag","embeddable":true,"href":"http:\/\/osplukowiec.pl\/index.php\/wp-json\/wp\/v2\/tags?post=2848"}],"curies":[{"name":"wp","href":"https:\/\/api.w.org\/{rel}","templated":true}]}}