{"id":3544,"date":"2020-03-27T19:49:53","date_gmt":"2020-03-27T18:49:53","guid":{"rendered":"http:\/\/osplukowiec.pl\/?p=3544"},"modified":"2020-03-27T19:49:53","modified_gmt":"2020-03-27T18:49:53","slug":"wyjazd-39-2020-pozar-trawy-sobiekursk-lukowiec","status":"publish","type":"post","link":"http:\/\/osplukowiec.pl\/index.php\/2020\/03\/27\/wyjazd-39-2020-pozar-trawy-sobiekursk-lukowiec\/","title":{"rendered":"Wyjazd 39\/2020 Po\u017car trawy Sobiekursk\/\u0141uk\u00f3wiec"},"content":{"rendered":"<p>W dniu 27.03.2020 o godzinie 11:13 nasza jednostka zosta\u0142a zadysponowana do po\u017caru trawy w miejscowo\u015bci Sobiekursk \/ \u0141uk\u00f3wiec. W akcji bra\u0142y udzia\u0142 jednostki:<\/p>\n<p>JRG OTWOCK<br \/>\nOSP \u0141UK\u00d3WIEC<br \/>\nOSP KARCZEW<br \/>\nOSP OTWOCK WIELKI<\/p>\n<p><img decoding=\"async\" loading=\"lazy\" class=\"alignnone size-medium wp-image-3546\" src=\"http:\/\/osplukowiec.pl\/wp-content\/uploads\/2020\/03\/FB_IMG_1585331892540-300x225.jpg\" alt=\"\" width=\"300\" height=\"225\" srcset=\"http:\/\/osplukowiec.pl\/wp-content\/uploads\/2020\/03\/FB_IMG_1585331892540-300x225.jpg 300w, http:\/\/osplukowiec.pl\/wp-content\/uploads\/2020\/03\/FB_IMG_1585331892540.jpg 480w\" sizes=\"(max-width: 300px) 100vw, 300px\" \/><\/p>\n<p><img decoding=\"async\" loading=\"lazy\" class=\"alignnone size-medium wp-image-3545\" src=\"http:\/\/osplukowiec.pl\/wp-content\/uploads\/2020\/03\/FB_IMG_1585331890263-300x225.jpg\" alt=\"\" width=\"300\" height=\"225\" srcset=\"http:\/\/osplukowiec.pl\/wp-content\/uploads\/2020\/03\/FB_IMG_1585331890263-300x225.jpg 300w, http:\/\/osplukowiec.pl\/wp-content\/uploads\/2020\/03\/FB_IMG_1585331890263-768x576.jpg 768w, http:\/\/osplukowiec.pl\/wp-content\/uploads\/2020\/03\/FB_IMG_1585331890263-520x390.jpg 520w, http:\/\/osplukowiec.pl\/wp-content\/uploads\/2020\/03\/FB_IMG_1585331890263-740x555.jpg 740w, http:\/\/osplukowiec.pl\/wp-content\/uploads\/2020\/03\/FB_IMG_1585331890263.jpg 960w\" sizes=\"(max-width: 300px) 100vw, 300px\" \/><\/p>\n","protected":false},"excerpt":{"rendered":"<p>W dniu 27.03.2020 o godzinie 11:13 nasza jednostka zosta\u0142a zadysponowana do po\u017caru trawy w miejscowo\u015bci Sobiekursk \/ \u0141uk\u00f3wiec. W akcji bra\u0142y udzia\u0142 jednostki: JRG OTWOCK OSP \u0141UK\u00d3WIEC OSP KARCZEW OSP OTWOCK WIELKI<\/p>\n","protected":false},"author":6,"featured_media":3547,"comment_status":"closed","ping_status":"open","sticky":false,"template":"","format":"standard","meta":{"_mi_skip_tracking":false},"categories":[5],"tags":[],"_links":{"self":[{"href":"http:\/\/osplukowiec.pl\/index.php\/wp-json\/wp\/v2\/posts\/3544"}],"collection":[{"href":"http:\/\/osplukowiec.pl\/index.php\/wp-json\/wp\/v2\/posts"}],"about":[{"href":"http:\/\/osplukowiec.pl\/index.php\/wp-json\/wp\/v2\/types\/post"}],"author":[{"embeddable":true,"href":"http:\/\/osplukowiec.pl\/index.php\/wp-json\/wp\/v2\/users\/6"}],"replies":[{"embeddable":true,"href":"http:\/\/osplukowiec.pl\/index.php\/wp-json\/wp\/v2\/comments?post=3544"}],"version-history":[{"count":1,"href":"http:\/\/osplukowiec.pl\/index.php\/wp-json\/wp\/v2\/posts\/3544\/revisions"}],"predecessor-version":[{"id":3548,"href":"http:\/\/osplukowiec.pl\/index.php\/wp-json\/wp\/v2\/posts\/3544\/revisions\/3548"}],"wp:featuredmedia":[{"embeddable":true,"href":"http:\/\/osplukowiec.pl\/index.php\/wp-json\/wp\/v2\/media\/3547"}],"wp:attachment":[{"href":"http:\/\/osplukowiec.pl\/index.php\/wp-json\/wp\/v2\/media?parent=3544"}],"wp:term":[{"taxonomy":"category","embeddable":true,"href":"http:\/\/osplukowiec.pl\/index.php\/wp-json\/wp\/v2\/categories?post=3544"},{"taxonomy":"post_tag","embeddable":true,"href":"http:\/\/osplukowiec.pl\/index.php\/wp-json\/wp\/v2\/tags?post=3544"}],"curies":[{"name":"wp","href":"https:\/\/api.w.org\/{rel}","templated":true}]}}