{"id":3948,"date":"2020-05-01T22:25:05","date_gmt":"2020-05-01T20:25:05","guid":{"rendered":"http:\/\/osplukowiec.pl\/?p=3948"},"modified":"2020-05-02T08:46:00","modified_gmt":"2020-05-02T06:46:00","slug":"2-maja-dzien-flagi","status":"publish","type":"post","link":"http:\/\/osplukowiec.pl\/index.php\/2020\/05\/01\/2-maja-dzien-flagi\/","title":{"rendered":"2 maja &#8211; Dzie\u0144 Flagi"},"content":{"rendered":"<p style=\"font-weight: 400;\">Dzie\u0144 Flagi Rzeczpospolitej Polskiej to jedno z najm\u0142odszych \u015bwi\u0105t pa\u0144stwowych w Polsce &#8211; zosta\u0142o ustanowione dopiero w 2004 roku. Od dw\u00f3ch lat stra\u017cacy ochotnicy z OSP \u0141uk\u00f3wiec wywieszaj\u0105 w naszej miejscowo\u015bci flagi ufundowane przez Urz\u0105d Miejski w Karczewie z racji 100-lecia odzyskania niepodleg\u0142o\u015bci przez Polsk\u0119. Dzi\u0119ki wysi\u0142kom naszych stra\u017cak\u00f3w \u0141uk\u00f3wiec i G\u00f3rki Ca\u0142owa\u0144skie przywdziewaj\u0105 na pocz\u0105tku maja (ale r\u00f3wnie\u017c i w listopadzie) barwy bia\u0142o \u2013 czerwone.<\/p>\n<p style=\"font-weight: 400;\">W czwartkowej-nocnej akcji wywieszenia flag wzi\u0119li udzia\u0142: \u0141ukasz Floria\u0144czyk, Piotr Zawadka, Hubert Szostak, Piotr Przybysz, Rafa\u0142 Kociszewski.<\/p>\n<p>&nbsp;<\/p>\n<p><img decoding=\"async\" loading=\"lazy\" class=\"aligncenter wp-image-3950 size-large\" src=\"http:\/\/osplukowiec.pl\/wp-content\/uploads\/2020\/05\/b-768x1024.jpg\" alt=\"\" width=\"768\" height=\"1024\" srcset=\"http:\/\/osplukowiec.pl\/wp-content\/uploads\/2020\/05\/b-768x1024.jpg 768w, http:\/\/osplukowiec.pl\/wp-content\/uploads\/2020\/05\/b-225x300.jpg 225w, http:\/\/osplukowiec.pl\/wp-content\/uploads\/2020\/05\/b-520x693.jpg 520w, http:\/\/osplukowiec.pl\/wp-content\/uploads\/2020\/05\/b-740x986.jpg 740w, http:\/\/osplukowiec.pl\/wp-content\/uploads\/2020\/05\/b.jpg 800w\" sizes=\"(max-width: 768px) 100vw, 768px\" \/> <img decoding=\"async\" loading=\"lazy\" class=\"aligncenter wp-image-3951 size-full\" src=\"http:\/\/osplukowiec.pl\/wp-content\/uploads\/2020\/05\/c.jpg\" alt=\"\" width=\"800\" height=\"437\" srcset=\"http:\/\/osplukowiec.pl\/wp-content\/uploads\/2020\/05\/c.jpg 800w, http:\/\/osplukowiec.pl\/wp-content\/uploads\/2020\/05\/c-300x164.jpg 300w, http:\/\/osplukowiec.pl\/wp-content\/uploads\/2020\/05\/c-768x420.jpg 768w, http:\/\/osplukowiec.pl\/wp-content\/uploads\/2020\/05\/c-520x284.jpg 520w, http:\/\/osplukowiec.pl\/wp-content\/uploads\/2020\/05\/c-740x404.jpg 740w\" sizes=\"(max-width: 800px) 100vw, 800px\" \/> <img decoding=\"async\" loading=\"lazy\" class=\"aligncenter wp-image-3952 size-large\" src=\"http:\/\/osplukowiec.pl\/wp-content\/uploads\/2020\/05\/d-768x1024.jpg\" alt=\"\" width=\"768\" height=\"1024\" srcset=\"http:\/\/osplukowiec.pl\/wp-content\/uploads\/2020\/05\/d-768x1024.jpg 768w, http:\/\/osplukowiec.pl\/wp-content\/uploads\/2020\/05\/d-225x300.jpg 225w, http:\/\/osplukowiec.pl\/wp-content\/uploads\/2020\/05\/d-520x693.jpg 520w, http:\/\/osplukowiec.pl\/wp-content\/uploads\/2020\/05\/d-740x986.jpg 740w, http:\/\/osplukowiec.pl\/wp-content\/uploads\/2020\/05\/d.jpg 800w\" sizes=\"(max-width: 768px) 100vw, 768px\" \/> <img decoding=\"async\" loading=\"lazy\" class=\"aligncenter wp-image-3953 size-large\" src=\"http:\/\/osplukowiec.pl\/wp-content\/uploads\/2020\/05\/e-768x1024.jpg\" alt=\"\" width=\"768\" height=\"1024\" srcset=\"http:\/\/osplukowiec.pl\/wp-content\/uploads\/2020\/05\/e-768x1024.jpg 768w, http:\/\/osplukowiec.pl\/wp-content\/uploads\/2020\/05\/e-225x300.jpg 225w, http:\/\/osplukowiec.pl\/wp-content\/uploads\/2020\/05\/e-520x693.jpg 520w, http:\/\/osplukowiec.pl\/wp-content\/uploads\/2020\/05\/e-740x986.jpg 740w, http:\/\/osplukowiec.pl\/wp-content\/uploads\/2020\/05\/e.jpg 800w\" sizes=\"(max-width: 768px) 100vw, 768px\" \/><\/p>\n","protected":false},"excerpt":{"rendered":"<p>Dzie\u0144 Flagi Rzeczpospolitej Polskiej to jedno z najm\u0142odszych \u015bwi\u0105t pa\u0144stwowych w Polsce &#8211; zosta\u0142o ustanowione dopiero w 2004 roku. Od dw\u00f3ch lat stra\u017cacy ochotnicy z OSP \u0141uk\u00f3wiec wywieszaj\u0105 w naszej miejscowo\u015bci flagi ufundowane przez Urz\u0105d<a class=\"read-more\" href=\"http:\/\/osplukowiec.pl\/index.php\/2020\/05\/01\/2-maja-dzien-flagi\/\">Czytaj dalej<\/a><\/p>\n","protected":false},"author":6,"featured_media":3949,"comment_status":"closed","ping_status":"open","sticky":false,"template":"","format":"standard","meta":{"_mi_skip_tracking":false},"categories":[7],"tags":[],"_links":{"self":[{"href":"http:\/\/osplukowiec.pl\/index.php\/wp-json\/wp\/v2\/posts\/3948"}],"collection":[{"href":"http:\/\/osplukowiec.pl\/index.php\/wp-json\/wp\/v2\/posts"}],"about":[{"href":"http:\/\/osplukowiec.pl\/index.php\/wp-json\/wp\/v2\/types\/post"}],"author":[{"embeddable":true,"href":"http:\/\/osplukowiec.pl\/index.php\/wp-json\/wp\/v2\/users\/6"}],"replies":[{"embeddable":true,"href":"http:\/\/osplukowiec.pl\/index.php\/wp-json\/wp\/v2\/comments?post=3948"}],"version-history":[{"count":2,"href":"http:\/\/osplukowiec.pl\/index.php\/wp-json\/wp\/v2\/posts\/3948\/revisions"}],"predecessor-version":[{"id":3960,"href":"http:\/\/osplukowiec.pl\/index.php\/wp-json\/wp\/v2\/posts\/3948\/revisions\/3960"}],"wp:featuredmedia":[{"embeddable":true,"href":"http:\/\/osplukowiec.pl\/index.php\/wp-json\/wp\/v2\/media\/3949"}],"wp:attachment":[{"href":"http:\/\/osplukowiec.pl\/index.php\/wp-json\/wp\/v2\/media?parent=3948"}],"wp:term":[{"taxonomy":"category","embeddable":true,"href":"http:\/\/osplukowiec.pl\/index.php\/wp-json\/wp\/v2\/categories?post=3948"},{"taxonomy":"post_tag","embeddable":true,"href":"http:\/\/osplukowiec.pl\/index.php\/wp-json\/wp\/v2\/tags?post=3948"}],"curies":[{"name":"wp","href":"https:\/\/api.w.org\/{rel}","templated":true}]}}