{"id":5452,"date":"2021-04-25T08:52:22","date_gmt":"2021-04-25T06:52:22","guid":{"rendered":"http:\/\/osplukowiec.pl\/?p=5452"},"modified":"2021-04-25T08:52:46","modified_gmt":"2021-04-25T06:52:46","slug":"wyjazd-53-2021-pozar-trawy-w-karczewie","status":"publish","type":"post","link":"http:\/\/osplukowiec.pl\/index.php\/2021\/04\/25\/wyjazd-53-2021-pozar-trawy-w-karczewie\/","title":{"rendered":"WYJAZD 53\/2021 Po\u017car trawy w Karczewie"},"content":{"rendered":"<p><big>W dniu 24.04.2021 o godzinie 18:39 nasza jednostka zosta\u0142a zadysponowana do po\u017caru trawy w miejscowo\u015bci Karczew ul Aleja Jana Pawla II. W akcji bra\u0142y udzia\u0142 jednostki:<\/big><\/p>\n<p style=\"text-align: center;\"><strong>JRG OTWOCK<\/strong><br \/>\n<strong>OSP KARCZEW<\/strong><br \/>\n<strong>OSP OTWOCK WIELKI<\/strong><br \/>\n<strong>OSP \u0141UK\u00d3WIEC<\/strong><br \/>\n<strong>OSP \u015aWIDRY MA\u0141E<\/strong><\/p>\n<p><a href=\"http:\/\/osplukowiec.pl\/wp-content\/uploads\/2021\/04\/53.jpg\"><img decoding=\"async\" loading=\"lazy\" class=\"aligncenter size-full wp-image-5453\" src=\"http:\/\/osplukowiec.pl\/wp-content\/uploads\/2021\/04\/53.jpg\" alt=\"\" width=\"960\" height=\"540\" srcset=\"http:\/\/osplukowiec.pl\/wp-content\/uploads\/2021\/04\/53.jpg 960w, http:\/\/osplukowiec.pl\/wp-content\/uploads\/2021\/04\/53-300x169.jpg 300w, http:\/\/osplukowiec.pl\/wp-content\/uploads\/2021\/04\/53-768x432.jpg 768w, http:\/\/osplukowiec.pl\/wp-content\/uploads\/2021\/04\/53-520x293.jpg 520w, http:\/\/osplukowiec.pl\/wp-content\/uploads\/2021\/04\/53-740x416.jpg 740w\" sizes=\"(max-width: 960px) 100vw, 960px\" \/><\/a><\/p>\n","protected":false},"excerpt":{"rendered":"<p>W dniu 24.04.2021 o godzinie 18:39 nasza jednostka zosta\u0142a zadysponowana do po\u017caru trawy w miejscowo\u015bci Karczew ul Aleja Jana Pawla II. W akcji bra\u0142y udzia\u0142 jednostki: JRG OTWOCK OSP KARCZEW OSP OTWOCK WIELKI OSP \u0141UK\u00d3WIEC<a class=\"read-more\" href=\"http:\/\/osplukowiec.pl\/index.php\/2021\/04\/25\/wyjazd-53-2021-pozar-trawy-w-karczewie\/\">Czytaj dalej<\/a><\/p>\n","protected":false},"author":6,"featured_media":5454,"comment_status":"closed","ping_status":"open","sticky":false,"template":"","format":"standard","meta":{"_mi_skip_tracking":false},"categories":[5,43],"tags":[],"_links":{"self":[{"href":"http:\/\/osplukowiec.pl\/index.php\/wp-json\/wp\/v2\/posts\/5452"}],"collection":[{"href":"http:\/\/osplukowiec.pl\/index.php\/wp-json\/wp\/v2\/posts"}],"about":[{"href":"http:\/\/osplukowiec.pl\/index.php\/wp-json\/wp\/v2\/types\/post"}],"author":[{"embeddable":true,"href":"http:\/\/osplukowiec.pl\/index.php\/wp-json\/wp\/v2\/users\/6"}],"replies":[{"embeddable":true,"href":"http:\/\/osplukowiec.pl\/index.php\/wp-json\/wp\/v2\/comments?post=5452"}],"version-history":[{"count":6,"href":"http:\/\/osplukowiec.pl\/index.php\/wp-json\/wp\/v2\/posts\/5452\/revisions"}],"predecessor-version":[{"id":5460,"href":"http:\/\/osplukowiec.pl\/index.php\/wp-json\/wp\/v2\/posts\/5452\/revisions\/5460"}],"wp:featuredmedia":[{"embeddable":true,"href":"http:\/\/osplukowiec.pl\/index.php\/wp-json\/wp\/v2\/media\/5454"}],"wp:attachment":[{"href":"http:\/\/osplukowiec.pl\/index.php\/wp-json\/wp\/v2\/media?parent=5452"}],"wp:term":[{"taxonomy":"category","embeddable":true,"href":"http:\/\/osplukowiec.pl\/index.php\/wp-json\/wp\/v2\/categories?post=5452"},{"taxonomy":"post_tag","embeddable":true,"href":"http:\/\/osplukowiec.pl\/index.php\/wp-json\/wp\/v2\/tags?post=5452"}],"curies":[{"name":"wp","href":"https:\/\/api.w.org\/{rel}","templated":true}]}}