{"id":696,"date":"2019-01-15T06:22:14","date_gmt":"2019-01-15T05:22:14","guid":{"rendered":"http:\/\/osplukowiec.pl\/?p=696"},"modified":"2019-01-23T07:35:20","modified_gmt":"2019-01-23T06:35:20","slug":"jestesmy-z-gdanskiem","status":"publish","type":"post","link":"http:\/\/osplukowiec.pl\/index.php\/2019\/01\/15\/jestesmy-z-gdanskiem\/","title":{"rendered":"Jeste\u015bmy z Gda\u0144skiem!"},"content":{"rendered":"<p>13 stycznia 2019 roku\u2026<\/p>\n<p>27 fina\u0142 Wielkiej Orkiestry \u015awi\u0105tecznej Pomocy\u2026<\/p>\n<p>Setki u\u015bmiechni\u0119tych ludzi czyni\u0105cych dobro i dziel\u0105cych si\u0119 dobrem. Ludzi, kt\u00f3rzy spotkali si\u0119 w s\u0142usznej sprawie\u2026<\/p>\n<p>Tu\u017c przed godzin\u0105 20.00 27- letni gda\u0144szczanin wszed\u0142 na scen\u0119 przed \u015bwiate\u0142kiem do nieba WO\u015aP. M\u0119\u017cczyzna ugodzi\u0142 no\u017cem prezydenta Gda\u0144ska Paw\u0142a Adamowicza, kt\u00f3ry w wyniku obra\u017ce\u0144 po kilkugodzinnej operacji zmar\u0142.<\/p>\n<p>OSP \u0141uk\u00f3wiec sk\u0142ada wyrazy wsp\u00f3\u0142czucia dla Rodziny i bliskich Pana Prezydenta.<\/p>\n<p>Pok\u00f3j Jego Duszy!<\/p>\n","protected":false},"excerpt":{"rendered":"<p>13 stycznia 2019 roku\u2026 27 fina\u0142 Wielkiej Orkiestry \u015awi\u0105tecznej Pomocy\u2026 Setki u\u015bmiechni\u0119tych ludzi czyni\u0105cych dobro i dziel\u0105cych si\u0119 dobrem. Ludzi, kt\u00f3rzy spotkali si\u0119 w s\u0142usznej sprawie\u2026 Tu\u017c przed godzin\u0105 20.00 27- letni gda\u0144szczanin wszed\u0142 na<a class=\"read-more\" href=\"http:\/\/osplukowiec.pl\/index.php\/2019\/01\/15\/jestesmy-z-gdanskiem\/\">Czytaj dalej<\/a><\/p>\n","protected":false},"author":4,"featured_media":741,"comment_status":"closed","ping_status":"open","sticky":false,"template":"","format":"standard","meta":{"_mi_skip_tracking":false},"categories":[7],"tags":[],"_links":{"self":[{"href":"http:\/\/osplukowiec.pl\/index.php\/wp-json\/wp\/v2\/posts\/696"}],"collection":[{"href":"http:\/\/osplukowiec.pl\/index.php\/wp-json\/wp\/v2\/posts"}],"about":[{"href":"http:\/\/osplukowiec.pl\/index.php\/wp-json\/wp\/v2\/types\/post"}],"author":[{"embeddable":true,"href":"http:\/\/osplukowiec.pl\/index.php\/wp-json\/wp\/v2\/users\/4"}],"replies":[{"embeddable":true,"href":"http:\/\/osplukowiec.pl\/index.php\/wp-json\/wp\/v2\/comments?post=696"}],"version-history":[{"count":1,"href":"http:\/\/osplukowiec.pl\/index.php\/wp-json\/wp\/v2\/posts\/696\/revisions"}],"predecessor-version":[{"id":698,"href":"http:\/\/osplukowiec.pl\/index.php\/wp-json\/wp\/v2\/posts\/696\/revisions\/698"}],"wp:featuredmedia":[{"embeddable":true,"href":"http:\/\/osplukowiec.pl\/index.php\/wp-json\/wp\/v2\/media\/741"}],"wp:attachment":[{"href":"http:\/\/osplukowiec.pl\/index.php\/wp-json\/wp\/v2\/media?parent=696"}],"wp:term":[{"taxonomy":"category","embeddable":true,"href":"http:\/\/osplukowiec.pl\/index.php\/wp-json\/wp\/v2\/categories?post=696"},{"taxonomy":"post_tag","embeddable":true,"href":"http:\/\/osplukowiec.pl\/index.php\/wp-json\/wp\/v2\/tags?post=696"}],"curies":[{"name":"wp","href":"https:\/\/api.w.org\/{rel}","templated":true}]}}