{"id":7841,"date":"2025-07-04T14:50:57","date_gmt":"2025-07-04T12:50:57","guid":{"rendered":"http:\/\/osplukowiec.pl\/?p=7841"},"modified":"2025-07-04T14:50:58","modified_gmt":"2025-07-04T12:50:58","slug":"boze-cialo-2025","status":"publish","type":"post","link":"http:\/\/osplukowiec.pl\/index.php\/2025\/07\/04\/boze-cialo-2025\/","title":{"rendered":"Bo\u017ce Cia\u0142o 2025"},"content":{"rendered":"\n<p>W dniu 19 czerwca 2025r. M\u0142odzie\u017cowa Dru\u017cyna Po\u017carnicza z naszej jednostki wsp\u00f3lnie ze starszymi druhami z OSP \u0141uk\u00f3wiec oraz OSP Dziecin\u00f3w wzi\u0119li udzia\u0142 w procesji podczas Bo\u017cego Cia\u0142a.<\/p>\n\n\n\n<p><\/p>\n\n\n\n<figure class=\"wp-block-image size-large\"><img decoding=\"async\" loading=\"lazy\" width=\"1024\" height=\"768\" src=\"http:\/\/osplukowiec.pl\/wp-content\/uploads\/2025\/07\/MDP-_-BozeCialo3-1024x768.jpg\" alt=\"\" class=\"wp-image-7842\" srcset=\"http:\/\/osplukowiec.pl\/wp-content\/uploads\/2025\/07\/MDP-_-BozeCialo3-1024x768.jpg 1024w, http:\/\/osplukowiec.pl\/wp-content\/uploads\/2025\/07\/MDP-_-BozeCialo3-300x225.jpg 300w, http:\/\/osplukowiec.pl\/wp-content\/uploads\/2025\/07\/MDP-_-BozeCialo3-768x576.jpg 768w, http:\/\/osplukowiec.pl\/wp-content\/uploads\/2025\/07\/MDP-_-BozeCialo3-1536x1152.jpg 1536w, http:\/\/osplukowiec.pl\/wp-content\/uploads\/2025\/07\/MDP-_-BozeCialo3-520x390.jpg 520w, http:\/\/osplukowiec.pl\/wp-content\/uploads\/2025\/07\/MDP-_-BozeCialo3-740x555.jpg 740w, http:\/\/osplukowiec.pl\/wp-content\/uploads\/2025\/07\/MDP-_-BozeCialo3.jpg 2048w\" sizes=\"(max-width: 1024px) 100vw, 1024px\" \/><\/figure>\n\n\n\n<figure class=\"wp-block-image size-large\"><img decoding=\"async\" loading=\"lazy\" width=\"1024\" height=\"768\" src=\"http:\/\/osplukowiec.pl\/wp-content\/uploads\/2025\/07\/MDP_BozeCialo2-1024x768.jpg\" alt=\"\" class=\"wp-image-7843\" srcset=\"http:\/\/osplukowiec.pl\/wp-content\/uploads\/2025\/07\/MDP_BozeCialo2-1024x768.jpg 1024w, http:\/\/osplukowiec.pl\/wp-content\/uploads\/2025\/07\/MDP_BozeCialo2-300x225.jpg 300w, http:\/\/osplukowiec.pl\/wp-content\/uploads\/2025\/07\/MDP_BozeCialo2-768x576.jpg 768w, http:\/\/osplukowiec.pl\/wp-content\/uploads\/2025\/07\/MDP_BozeCialo2-520x390.jpg 520w, http:\/\/osplukowiec.pl\/wp-content\/uploads\/2025\/07\/MDP_BozeCialo2-740x555.jpg 740w, http:\/\/osplukowiec.pl\/wp-content\/uploads\/2025\/07\/MDP_BozeCialo2.jpg 1156w\" sizes=\"(max-width: 1024px) 100vw, 1024px\" \/><\/figure>\n\n\n\n<figure class=\"wp-block-image size-large\"><img decoding=\"async\" loading=\"lazy\" width=\"1024\" height=\"768\" src=\"http:\/\/osplukowiec.pl\/wp-content\/uploads\/2025\/07\/MDP-_-BozeCialo-1024x768.jpg\" alt=\"\" class=\"wp-image-7844\" srcset=\"http:\/\/osplukowiec.pl\/wp-content\/uploads\/2025\/07\/MDP-_-BozeCialo-1024x768.jpg 1024w, http:\/\/osplukowiec.pl\/wp-content\/uploads\/2025\/07\/MDP-_-BozeCialo-300x225.jpg 300w, http:\/\/osplukowiec.pl\/wp-content\/uploads\/2025\/07\/MDP-_-BozeCialo-768x576.jpg 768w, http:\/\/osplukowiec.pl\/wp-content\/uploads\/2025\/07\/MDP-_-BozeCialo-1536x1152.jpg 1536w, http:\/\/osplukowiec.pl\/wp-content\/uploads\/2025\/07\/MDP-_-BozeCialo-520x390.jpg 520w, http:\/\/osplukowiec.pl\/wp-content\/uploads\/2025\/07\/MDP-_-BozeCialo-740x555.jpg 740w, http:\/\/osplukowiec.pl\/wp-content\/uploads\/2025\/07\/MDP-_-BozeCialo.jpg 2048w\" sizes=\"(max-width: 1024px) 100vw, 1024px\" \/><\/figure>\n","protected":false},"excerpt":{"rendered":"<p>W dniu 19 czerwca 2025r. M\u0142odzie\u017cowa Dru\u017cyna Po\u017carnicza z naszej jednostki wsp\u00f3lnie ze starszymi druhami z OSP \u0141uk\u00f3wiec oraz OSP Dziecin\u00f3w wzi\u0119li udzia\u0142 w procesji podczas Bo\u017cego Cia\u0142a.<\/p>\n","protected":false},"author":6,"featured_media":7842,"comment_status":"closed","ping_status":"open","sticky":false,"template":"","format":"standard","meta":{"_mi_skip_tracking":false},"categories":[95],"tags":[],"_links":{"self":[{"href":"http:\/\/osplukowiec.pl\/index.php\/wp-json\/wp\/v2\/posts\/7841"}],"collection":[{"href":"http:\/\/osplukowiec.pl\/index.php\/wp-json\/wp\/v2\/posts"}],"about":[{"href":"http:\/\/osplukowiec.pl\/index.php\/wp-json\/wp\/v2\/types\/post"}],"author":[{"embeddable":true,"href":"http:\/\/osplukowiec.pl\/index.php\/wp-json\/wp\/v2\/users\/6"}],"replies":[{"embeddable":true,"href":"http:\/\/osplukowiec.pl\/index.php\/wp-json\/wp\/v2\/comments?post=7841"}],"version-history":[{"count":1,"href":"http:\/\/osplukowiec.pl\/index.php\/wp-json\/wp\/v2\/posts\/7841\/revisions"}],"predecessor-version":[{"id":7845,"href":"http:\/\/osplukowiec.pl\/index.php\/wp-json\/wp\/v2\/posts\/7841\/revisions\/7845"}],"wp:featuredmedia":[{"embeddable":true,"href":"http:\/\/osplukowiec.pl\/index.php\/wp-json\/wp\/v2\/media\/7842"}],"wp:attachment":[{"href":"http:\/\/osplukowiec.pl\/index.php\/wp-json\/wp\/v2\/media?parent=7841"}],"wp:term":[{"taxonomy":"category","embeddable":true,"href":"http:\/\/osplukowiec.pl\/index.php\/wp-json\/wp\/v2\/categories?post=7841"},{"taxonomy":"post_tag","embeddable":true,"href":"http:\/\/osplukowiec.pl\/index.php\/wp-json\/wp\/v2\/tags?post=7841"}],"curies":[{"name":"wp","href":"https:\/\/api.w.org\/{rel}","templated":true}]}}